{"id":191,"date":"2009-04-05T16:23:57","date_gmt":"2009-04-05T14:23:57","guid":{"rendered":"http:\/\/blog.tmoehle.de\/2009\/04\/julis-niedersachsen-stimmen-fur-unzensiertes-internet\/"},"modified":"2009-04-07T12:02:07","modified_gmt":"2009-04-07T10:02:07","slug":"julis-niedersachsen-stimmen-fur-unzensiertes-internet","status":"publish","type":"post","link":"https:\/\/blog.tmoehle.de\/home\/julis-niedersachsen-stimmen-fur-unzensiertes-internet\/","title":{"rendered":"JuLis Niedersachsen stimmen f\u00fcr unzensiertes Internet!"},"content":{"rendered":"<p>Auf dem <a href=\"http:\/\/www.julis-niedersachsen.com\/2009\/04\/02\/57-landeskongress-der-jungen-liberalen-niedersachsen-tagt-am-wochenende-in-gottingen\/\">57. Landeskongress der Jungen Liberalen<\/a> an diesem Wochenende in G\u00f6ttingen haben sich die JuLis heute mit \u00fcberweltigender Mehrheit gegen die geplante Internetzensur zur Bek\u00e4mpfung von Kinderpornographie ausgesprochen und sind damit dem Antrag von meinem Kreisverband und mir gefolgt.<br \/>\nDes Weiteren wurden einige weiter wichtige Beschl\u00fcsse gefasst. So haben wir heute f\u00fcr ein Informationsfreiheitsgesetz in Niedersachsen, f\u00fcr eine liberalere Energiepolitik und gegen die Einf\u00fchrung einer B\u00f6rsenumsatzsteuer sowie eine Versch\u00e4rfung des Waffenrechts gestimmt.<\/p>\n","protected":false},"excerpt":{"rendered":"<p>Auf dem 57. Landeskongress der Jungen Liberalen an diesem Wochenende in G\u00f6ttingen haben sich die JuLis heute mit \u00fcberweltigender Mehrheit gegen die geplante Internetzensur zur Bek\u00e4mpfung von Kinderpornographie ausgesprochen und sind damit dem Antrag von meinem Kreisverband und mir gefolgt. Des Weiteren wurden einige weiter wichtige Beschl\u00fcsse gefasst. So haben wir heute f\u00fcr ein Informationsfreiheitsgesetz &hellip; <a href=\"https:\/\/blog.tmoehle.de\/home\/julis-niedersachsen-stimmen-fur-unzensiertes-internet\/\" class=\"more-link\"><span class=\"screen-reader-text\">\u201eJuLis Niedersachsen stimmen f\u00fcr unzensiertes Internet!\u201c <\/span>weiterlesen<\/a><\/p>\n","protected":false},"author":2,"featured_media":0,"comment_status":"open","ping_status":"open","sticky":false,"template":"","format":"standard","meta":{"footnotes":""},"categories":[12],"tags":[43,81,80,79,127],"class_list":["post-191","post","type-post","status-publish","format-standard","hentry","category-politik","tag-internetzensur","tag-julis","tag-junge-liberale","tag-landeskongress","tag-politik"],"_links":{"self":[{"href":"https:\/\/blog.tmoehle.de\/home\/wp-json\/wp\/v2\/posts\/191","targetHints":{"allow":["GET"]}}],"collection":[{"href":"https:\/\/blog.tmoehle.de\/home\/wp-json\/wp\/v2\/posts"}],"about":[{"href":"https:\/\/blog.tmoehle.de\/home\/wp-json\/wp\/v2\/types\/post"}],"author":[{"embeddable":true,"href":"https:\/\/blog.tmoehle.de\/home\/wp-json\/wp\/v2\/users\/2"}],"replies":[{"embeddable":true,"href":"https:\/\/blog.tmoehle.de\/home\/wp-json\/wp\/v2\/comments?post=191"}],"version-history":[{"count":5,"href":"https:\/\/blog.tmoehle.de\/home\/wp-json\/wp\/v2\/posts\/191\/revisions"}],"predecessor-version":[{"id":199,"href":"https:\/\/blog.tmoehle.de\/home\/wp-json\/wp\/v2\/posts\/191\/revisions\/199"}],"wp:attachment":[{"href":"https:\/\/blog.tmoehle.de\/home\/wp-json\/wp\/v2\/media?parent=191"}],"wp:term":[{"taxonomy":"category","embeddable":true,"href":"https:\/\/blog.tmoehle.de\/home\/wp-json\/wp\/v2\/categories?post=191"},{"taxonomy":"post_tag","embeddable":true,"href":"https:\/\/blog.tmoehle.de\/home\/wp-json\/wp\/v2\/tags?post=191"}],"curies":[{"name":"wp","href":"https:\/\/api.w.org\/{rel}","templated":true}]}}