{"id":16,"date":"2009-01-31T17:08:07","date_gmt":"2009-01-31T16:08:07","guid":{"rendered":"http:\/\/blog.tmoehle.de\/?p=16"},"modified":"2009-02-17T14:11:37","modified_gmt":"2009-02-17T13:11:37","slug":"gesucht-qualitatsinhalte-deutscher-fernsehsender","status":"publish","type":"post","link":"https:\/\/blog.tmoehle.de\/home\/gesucht-qualitatsinhalte-deutscher-fernsehsender\/","title":{"rendered":"Gesucht: Qualit\u00e4tsinhalte deutscher Fernsehsender"},"content":{"rendered":"<p>W\u00e4hrend RTL und Sat1\/Pro7 ihr Publikum mit Bildzeitungsniveu und bl\u00f6dsinnigen Produktionen f\u00fcttern, machen sich die \u00d6ffentlich Rechtlichen auf ins Internet und bieten Medienplattformen von deutlich h\u00f6herer Qualit\u00e4t. Zwar ist man noch nicht ganz auf Augenh\u00f6he mit dem Klassenprimus BBC aus GB aber die ZDF Mediathek zum Beispiel kann sich durchaus sehen lassen.<\/p>\n<p>Doch was ist das? D\u00fcrfen die das \u00fcberhaupt? D\u00fcrfen \u00d6ffentlich Rechtliche so ins Internet vordringen und Informationen anbieten? Der neue Rundfunkstaatsvertrag erlaubt gerade noch &#8222;Begleitinformationen&#8220; zum Fernsehprogramm, dann wirds auch bald eng. Den Rest k\u00f6nnen ja die Privaten bieten, hei\u00dft es.<\/p>\n<p>\u00c4hnlich sehen das auch meine Parteifreunde von den Jungen Liberalen, allerdings bin ich da anderer Meinung. Ich finde die \u00d6ffentlich Rechtlichen d\u00fcrfen ihre Produktionen gerne frei im Netz anbieten, gerade Dokumentationen sind hier zu begr\u00fc\u00dfen. Wo sonst kriegt man HD-Videos sonst in so guter inhaltlicher Qualit\u00e4t kostenlos? Die Trash-TV Sender k\u00f6nnten sich davon ruhig mal ne Scheibe abschneiden und solange sie es nicht schaffen entsprechende Qualit\u00e4t zu liefern, k\u00f6nnen sie sich ja wohl auch nicht ernsthaft <a title=\"Privatsender wollen ARD bremsen\" href=\"http:\/\/www.heise.de\/newsticker\/Privatsender-wollen-Online-Expansion-der-ARD-bremsen--\/meldung\/126678\">\u00fcber Konkurrenz beschweren<\/a>!<\/p>\n","protected":false},"excerpt":{"rendered":"<p>W\u00e4hrend RTL und Sat1\/Pro7 ihr Publikum mit Bildzeitungsniveu und bl\u00f6dsinnigen Produktionen f\u00fcttern, machen sich die \u00d6ffentlich Rechtlichen auf ins Internet und bieten Medienplattformen von deutlich h\u00f6herer Qualit\u00e4t. Zwar ist man noch nicht ganz auf Augenh\u00f6he mit dem Klassenprimus BBC aus GB aber die ZDF Mediathek zum Beispiel kann sich durchaus sehen lassen. Doch was ist &hellip; <a href=\"https:\/\/blog.tmoehle.de\/home\/gesucht-qualitatsinhalte-deutscher-fernsehsender\/\" class=\"more-link\"><span class=\"screen-reader-text\">\u201eGesucht: Qualit\u00e4tsinhalte deutscher Fernsehsender\u201c <\/span>weiterlesen<\/a><\/p>\n","protected":false},"author":2,"featured_media":0,"comment_status":"open","ping_status":"open","sticky":false,"template":"","format":"standard","meta":{"footnotes":""},"categories":[22],"tags":[24,27,128,25,26,23],"class_list":["post-16","post","type-post","status-publish","format-standard","hentry","category-medien","tag-fernsehen","tag-infotainment","tag-medien","tag-offentlich-rechtliche","tag-privat","tag-tv"],"_links":{"self":[{"href":"https:\/\/blog.tmoehle.de\/home\/wp-json\/wp\/v2\/posts\/16","targetHints":{"allow":["GET"]}}],"collection":[{"href":"https:\/\/blog.tmoehle.de\/home\/wp-json\/wp\/v2\/posts"}],"about":[{"href":"https:\/\/blog.tmoehle.de\/home\/wp-json\/wp\/v2\/types\/post"}],"author":[{"embeddable":true,"href":"https:\/\/blog.tmoehle.de\/home\/wp-json\/wp\/v2\/users\/2"}],"replies":[{"embeddable":true,"href":"https:\/\/blog.tmoehle.de\/home\/wp-json\/wp\/v2\/comments?post=16"}],"version-history":[{"count":3,"href":"https:\/\/blog.tmoehle.de\/home\/wp-json\/wp\/v2\/posts\/16\/revisions"}],"predecessor-version":[{"id":42,"href":"https:\/\/blog.tmoehle.de\/home\/wp-json\/wp\/v2\/posts\/16\/revisions\/42"}],"wp:attachment":[{"href":"https:\/\/blog.tmoehle.de\/home\/wp-json\/wp\/v2\/media?parent=16"}],"wp:term":[{"taxonomy":"category","embeddable":true,"href":"https:\/\/blog.tmoehle.de\/home\/wp-json\/wp\/v2\/categories?post=16"},{"taxonomy":"post_tag","embeddable":true,"href":"https:\/\/blog.tmoehle.de\/home\/wp-json\/wp\/v2\/tags?post=16"}],"curies":[{"name":"wp","href":"https:\/\/api.w.org\/{rel}","templated":true}]}}